{"id":35101,"date":"2021-09-29T15:05:44","date_gmt":"2021-09-29T14:05:44","guid":{"rendered":"https:\/\/mirfetros.com\/fa\/?p=35101"},"modified":"2021-10-01T15:20:33","modified_gmt":"2021-10-01T14:20:33","slug":"exposition-salon-coquelicot-1-er-edition","status":"publish","type":"post","link":"https:\/\/mirfetros.com\/fa\/?p=35101","title":{"rendered":"Exposition d\u2019\u0153uvres iraniennes"},"content":{"rendered":"<p style=\"text-align: center;\"><span style=\"color: #800080;\"><strong><span style=\"font-size: 18pt;\">Exposition salon coquelicot 1 er \u00e9dition<\/span><\/strong><\/span><\/p>\n<p><iframe loading=\"lazy\" title=\"Salon Coquelicot 2021 chambourcy\" width=\"500\" height=\"281\" src=\"https:\/\/www.youtube.com\/embed\/WYWE97q8BfI?feature=oembed\" frameborder=\"0\" allow=\"accelerometer; autoplay; clipboard-write; encrypted-media; gyroscope; picture-in-picture; web-share\" referrerpolicy=\"strict-origin-when-cross-origin\" allowfullscreen><\/iframe><\/p>\n<p><span style=\"color: #000000; font-size: 14pt;\"><span style=\"font-family: Liberation Sans, sans-serif;\">Apr\u00e8s avoir\u00a0pr\u00e9sent\u00e9\u00a0des \u00e9v\u00e9nements internationaux\u00a0en\u00a0<\/span><\/span><span style=\"color: #000000; font-size: 14pt;\"><span style=\"font-family: Liberation Sans, sans-serif;\"><wbr><\/wbr>collaboration avec l\u2019association\u00a0<b>Corps &amp; Esprit MANI\u00a0<\/b>avec succ\u00e8s, la municipalit\u00e9 de Chambourcy a le plaisir de vous annoncer un \u00e9v\u00e9nement atypique avec une s\u00e9lection d\u2019artistes\u00a0membres de l\u2019association\u00a0<b>Iranian\u00a0Artists<\/b>.<\/span><\/span><\/p>\n<p>&nbsp;<\/p>\n<p><span style=\"color: #000000; font-size: 14pt;\"><span style=\"font-family: Liberation Sans, sans-serif;\">Une exposition d\u2019art NFT et d\u2019art physique qui aura lieu pour la premi\u00e8re fois dans les Yvelines\u00a0!\u00a0<b>Vanecha\u00a0Roudbaraki<\/b>, artiste cot\u00e9e et inauguratrice du salon Coquelicot a Chambourcy exposera ses \u0153uvres physiques avec \u00a0<b>Azad Amin<\/b>,\u00a0<b>Ehsan Nasri<\/b>,\u00a0<b>Meysam\u00a0Ahmadi<\/b>,\u00a0<b>Mina Mouhebati<\/b>,\u00a0<b>Noushin Bodaghi<\/b>,\u00a0<b>Samaneh Liaghat<\/b>\u00a0et\u00a0<b>Vahid Tehranchi<\/b>, ainsi que de nombreux autres artistes de l\u2019association \u00a0<b>Iranian Artists<\/b>. Des \u0153uvres\u00a0<b>NFT<\/b>\u00a0seront\u00a0expos\u00e9es dans une galerie virtuelle sur \u00e9cran, pendant qu\u2019une s\u00e9lection d\u2019\u0153uvres sera diffus\u00e9e sur vid\u00e9oprojecteur.\u00a0<b>Bravour3<\/b>, jeune artiste cr\u00e9atrice de bijoux fantaisie camboricienne \u00e9galement,\u00a0exposera\u00a0ses cr\u00e9ations \u00e0 l\u2019occasion de ce premier salon.<\/span><\/span><\/p>\n<p align=\"center\"><span style=\"color: #000000; font-size: 14pt;\"><span style=\"font-family: Liberation Sans, sans-serif;\"><b>Vernissage le 7 octobre &#8211; 18h<\/b><br \/>\n<\/span><\/span><\/p>\n<p align=\"left\"><span style=\"color: #000000; font-size: 14pt;\"><span style=\"font-family: Liberation Sans, sans-serif;\">La ville ainsi que les deux associations sont enchant\u00e9es de recevoir comme invit\u00e9 d\u2019honneur\u00a0<b>Reza<\/b>\u00a0<b>Deghati,<\/b>\u00a0<wbr><\/wbr>photojournaliste de renomm\u00e9e internationale, qui exposera ses \u0153uvres. Ce jour-l\u00e0, vous aurez le privil\u00e8ge d\u2019assister \u00e0 une performance de musique traditionnelle iranienne avec un artiste de talent accompagn\u00e9 d\u2019autres artistes\u00a0com\u00e9diens\u00a0fran\u00e7ais et\u00a0iraniens\u00a0qui feront une br\u00e8ve pr\u00e9sentation de l\u2019art persan.<\/span><\/span><\/p>\n<p align=\"center\"><span style=\"color: #000000; font-size: 14pt;\"><span style=\"font-family: Liberation Sans, sans-serif;\"><b>Exposition Du vendredi \u00a08\u00a0au\u00a0dimanche 10\u00a0Octobre\u00a02021<\/b><\/span><\/span><\/p>\n<p align=\"center\"><span style=\"color: #000000; font-size: 14pt;\"><span style=\"font-family: Liberation Sans, sans-serif;\"><b>10h \u2013 18h Salle Hubert\u00a0Yencesse\u00a0<\/b><\/span><\/span><\/p>\n<p align=\"center\"><span style=\"color: #000000; font-size: 14pt;\">\u00a0<span style=\"font-family: Liberation Sans, sans-serif;\"><b>35 rue de Gramont, 78240 Chambourcy<\/b><\/span><\/span><\/p>\n<p><b>NFT<\/b>\u00a0est un acronyme pour\u00a0l\u2019anglicisme\u00a0\u00ab Non Fungible\u00a0Token\u00a0\u00bb.\u00a0Le\u00a0token\u00a0non fongible\u00a0est donc unique avec droit d\u2019auteur, et ne peut pas se substituer \u00e0 un autre actif.<\/p>\n<p align=\"center\">\n","protected":false},"excerpt":{"rendered":"<p>Exposition salon coquelicot 1 er \u00e9dition Apr\u00e8s avoir\u00a0pr\u00e9sent\u00e9\u00a0des \u00e9v\u00e9nements internationaux\u00a0en\u00a0collaboration avec l\u2019association\u00a0Corps &amp; Esprit MANI\u00a0avec succ\u00e8s, la municipalit\u00e9 de Chambourcy a le plaisir de vous annoncer un \u00e9v\u00e9nement atypique avec une s\u00e9lection d\u2019artistes\u00a0membres de l\u2019association\u00a0Iranian\u00a0Artists. &nbsp; Une exposition d\u2019art NFT et d\u2019art physique qui aura lieu pour la premi\u00e8re fois dans les Yvelines\u00a0!\u00a0Vanecha\u00a0Roudbaraki, artiste cot\u00e9e [&hellip;]<\/p>\n","protected":false},"author":2,"featured_media":0,"comment_status":"closed","ping_status":"closed","sticky":false,"template":"","format":"standard","meta":{"footnotes":""},"categories":[2],"tags":[],"yoast_head":"<!-- This site is optimized with the Yoast SEO plugin v22.7 - https:\/\/yoast.com\/wordpress\/plugins\/seo\/ -->\n<title>Exposition d\u2019\u0153uvres iraniennes - \u062a\u0627\u0631\u0646\u0645\u0627\u06cc \u0639\u0644\u064a \u0645\u064a\u0631\u0641\u0637\u0631\u0648\u0633<\/title>\n<meta name=\"robots\" content=\"index, follow, max-snippet:-1, max-image-preview:large, max-video-preview:-1\" \/>\n<link rel=\"canonical\" href=\"https:\/\/mirfetros.com\/fa\/?p=35101\" \/>\n<meta property=\"og:locale\" content=\"fa_IR\" \/>\n<meta property=\"og:type\" content=\"article\" \/>\n<meta property=\"og:title\" content=\"Exposition d\u2019\u0153uvres iraniennes - \u062a\u0627\u0631\u0646\u0645\u0627\u06cc \u0639\u0644\u064a \u0645\u064a\u0631\u0641\u0637\u0631\u0648\u0633\" \/>\n<meta property=\"og:description\" content=\"Exposition salon coquelicot 1 er \u00e9dition Apr\u00e8s avoir\u00a0pr\u00e9sent\u00e9\u00a0des \u00e9v\u00e9nements internationaux\u00a0en\u00a0collaboration avec l\u2019association\u00a0Corps &amp; Esprit MANI\u00a0avec succ\u00e8s, la municipalit\u00e9 de Chambourcy a le plaisir de vous annoncer un \u00e9v\u00e9nement atypique avec une s\u00e9lection d\u2019artistes\u00a0membres de l\u2019association\u00a0Iranian\u00a0Artists. &nbsp; Une exposition d\u2019art NFT et d\u2019art physique qui aura lieu pour la premi\u00e8re fois dans les Yvelines\u00a0!\u00a0Vanecha\u00a0Roudbaraki, artiste cot\u00e9e [&hellip;]\" \/>\n<meta property=\"og:url\" content=\"https:\/\/mirfetros.com\/fa\/?p=35101\" \/>\n<meta property=\"og:site_name\" content=\"\u062a\u0627\u0631\u0646\u0645\u0627\u06cc \u0639\u0644\u064a \u0645\u064a\u0631\u0641\u0637\u0631\u0648\u0633\" \/>\n<meta property=\"article:published_time\" content=\"2021-09-29T14:05:44+00:00\" \/>\n<meta property=\"article:modified_time\" content=\"2021-10-01T14:20:33+00:00\" \/>\n<meta name=\"author\" content=\"\u0639\u0644\u06cc \u0645\u06cc\u0631\u0641\u0637\u0631\u0648\u0633\" \/>\n<meta name=\"twitter:card\" content=\"summary_large_image\" \/>\n<meta name=\"twitter:label1\" content=\"\u0646\u0648\u0634\u062a\u0647\u200c\u0634\u062f\u0647 \u0628\u062f\u0633\u062a\" \/>\n\t<meta name=\"twitter:data1\" content=\"\u0639\u0644\u06cc \u0645\u06cc\u0631\u0641\u0637\u0631\u0648\u0633\" \/>\n\t<meta name=\"twitter:label2\" content=\"\u0632\u0645\u0627\u0646 \u062a\u0642\u0631\u06cc\u0628\u06cc \u0628\u0631\u0627\u06cc \u062e\u0648\u0627\u0646\u062f\u0646\" \/>\n\t<meta name=\"twitter:data2\" content=\"1 \u062f\u0642\u06cc\u0642\u0647\" \/>\n<script type=\"application\/ld+json\" class=\"yoast-schema-graph\">{\"@context\":\"https:\/\/schema.org\",\"@graph\":[{\"@type\":\"WebPage\",\"@id\":\"https:\/\/mirfetros.com\/fa\/?p=35101\",\"url\":\"https:\/\/mirfetros.com\/fa\/?p=35101\",\"name\":\"Exposition d\u2019\u0153uvres iraniennes - \u062a\u0627\u0631\u0646\u0645\u0627\u06cc \u0639\u0644\u064a \u0645\u064a\u0631\u0641\u0637\u0631\u0648\u0633\",\"isPartOf\":{\"@id\":\"https:\/\/mirfetros.com\/fa\/#website\"},\"datePublished\":\"2021-09-29T14:05:44+00:00\",\"dateModified\":\"2021-10-01T14:20:33+00:00\",\"author\":{\"@id\":\"https:\/\/mirfetros.com\/fa\/#\/schema\/person\/4a64513efb180ecb70ae854878817e41\"},\"breadcrumb\":{\"@id\":\"https:\/\/mirfetros.com\/fa\/?p=35101#breadcrumb\"},\"inLanguage\":\"fa-IR\",\"potentialAction\":[{\"@type\":\"ReadAction\",\"target\":[\"https:\/\/mirfetros.com\/fa\/?p=35101\"]}]},{\"@type\":\"BreadcrumbList\",\"@id\":\"https:\/\/mirfetros.com\/fa\/?p=35101#breadcrumb\",\"itemListElement\":[{\"@type\":\"ListItem\",\"position\":1,\"name\":\"\u062e\u0627\u0646\u0647\",\"item\":\"https:\/\/mirfetros.com\/fa\/\"},{\"@type\":\"ListItem\",\"position\":2,\"name\":\"Exposition d\u2019\u0153uvres iraniennes\"}]},{\"@type\":\"WebSite\",\"@id\":\"https:\/\/mirfetros.com\/fa\/#website\",\"url\":\"https:\/\/mirfetros.com\/fa\/\",\"name\":\"\u062a\u0627\u0631\u0646\u0645\u0627\u06cc \u0639\u0644\u064a \u0645\u064a\u0631\u0641\u0637\u0631\u0648\u0633\",\"description\":\"\u062a\u0627\u0631\u0646\u0645\u0627\u06cc \u0639\u0644\u064a \u0645\u064a\u0631\u0641\u0637\u0631\u0648\u0633\",\"potentialAction\":[{\"@type\":\"SearchAction\",\"target\":{\"@type\":\"EntryPoint\",\"urlTemplate\":\"https:\/\/mirfetros.com\/fa\/?s={search_term_string}\"},\"query-input\":\"required name=search_term_string\"}],\"inLanguage\":\"fa-IR\"},{\"@type\":\"Person\",\"@id\":\"https:\/\/mirfetros.com\/fa\/#\/schema\/person\/4a64513efb180ecb70ae854878817e41\",\"name\":\"\u0639\u0644\u06cc \u0645\u06cc\u0631\u0641\u0637\u0631\u0648\u0633\",\"image\":{\"@type\":\"ImageObject\",\"inLanguage\":\"fa-IR\",\"@id\":\"https:\/\/mirfetros.com\/fa\/#\/schema\/person\/image\/\",\"url\":\"https:\/\/secure.gravatar.com\/avatar\/e744d4272089a6dd7d3b6df6d3aa5197?s=96&d=mm&r=g\",\"contentUrl\":\"https:\/\/secure.gravatar.com\/avatar\/e744d4272089a6dd7d3b6df6d3aa5197?s=96&d=mm&r=g\",\"caption\":\"\u0639\u0644\u06cc \u0645\u06cc\u0631\u0641\u0637\u0631\u0648\u0633\"},\"url\":\"https:\/\/mirfetros.com\/fa\/?author=2\"}]}<\/script>\n<!-- \/ Yoast SEO plugin. -->","yoast_head_json":{"title":"Exposition d\u2019\u0153uvres iraniennes - \u062a\u0627\u0631\u0646\u0645\u0627\u06cc \u0639\u0644\u064a \u0645\u064a\u0631\u0641\u0637\u0631\u0648\u0633","robots":{"index":"index","follow":"follow","max-snippet":"max-snippet:-1","max-image-preview":"max-image-preview:large","max-video-preview":"max-video-preview:-1"},"canonical":"https:\/\/mirfetros.com\/fa\/?p=35101","og_locale":"fa_IR","og_type":"article","og_title":"Exposition d\u2019\u0153uvres iraniennes - \u062a\u0627\u0631\u0646\u0645\u0627\u06cc \u0639\u0644\u064a \u0645\u064a\u0631\u0641\u0637\u0631\u0648\u0633","og_description":"Exposition salon coquelicot 1 er \u00e9dition Apr\u00e8s avoir\u00a0pr\u00e9sent\u00e9\u00a0des \u00e9v\u00e9nements internationaux\u00a0en\u00a0collaboration avec l\u2019association\u00a0Corps &amp; Esprit MANI\u00a0avec succ\u00e8s, la municipalit\u00e9 de Chambourcy a le plaisir de vous annoncer un \u00e9v\u00e9nement atypique avec une s\u00e9lection d\u2019artistes\u00a0membres de l\u2019association\u00a0Iranian\u00a0Artists. &nbsp; Une exposition d\u2019art NFT et d\u2019art physique qui aura lieu pour la premi\u00e8re fois dans les Yvelines\u00a0!\u00a0Vanecha\u00a0Roudbaraki, artiste cot\u00e9e [&hellip;]","og_url":"https:\/\/mirfetros.com\/fa\/?p=35101","og_site_name":"\u062a\u0627\u0631\u0646\u0645\u0627\u06cc \u0639\u0644\u064a \u0645\u064a\u0631\u0641\u0637\u0631\u0648\u0633","article_published_time":"2021-09-29T14:05:44+00:00","article_modified_time":"2021-10-01T14:20:33+00:00","author":"\u0639\u0644\u06cc \u0645\u06cc\u0631\u0641\u0637\u0631\u0648\u0633","twitter_card":"summary_large_image","twitter_misc":{"\u0646\u0648\u0634\u062a\u0647\u200c\u0634\u062f\u0647 \u0628\u062f\u0633\u062a":"\u0639\u0644\u06cc \u0645\u06cc\u0631\u0641\u0637\u0631\u0648\u0633","\u0632\u0645\u0627\u0646 \u062a\u0642\u0631\u06cc\u0628\u06cc \u0628\u0631\u0627\u06cc \u062e\u0648\u0627\u0646\u062f\u0646":"1 \u062f\u0642\u06cc\u0642\u0647"},"schema":{"@context":"https:\/\/schema.org","@graph":[{"@type":"WebPage","@id":"https:\/\/mirfetros.com\/fa\/?p=35101","url":"https:\/\/mirfetros.com\/fa\/?p=35101","name":"Exposition d\u2019\u0153uvres iraniennes - \u062a\u0627\u0631\u0646\u0645\u0627\u06cc \u0639\u0644\u064a \u0645\u064a\u0631\u0641\u0637\u0631\u0648\u0633","isPartOf":{"@id":"https:\/\/mirfetros.com\/fa\/#website"},"datePublished":"2021-09-29T14:05:44+00:00","dateModified":"2021-10-01T14:20:33+00:00","author":{"@id":"https:\/\/mirfetros.com\/fa\/#\/schema\/person\/4a64513efb180ecb70ae854878817e41"},"breadcrumb":{"@id":"https:\/\/mirfetros.com\/fa\/?p=35101#breadcrumb"},"inLanguage":"fa-IR","potentialAction":[{"@type":"ReadAction","target":["https:\/\/mirfetros.com\/fa\/?p=35101"]}]},{"@type":"BreadcrumbList","@id":"https:\/\/mirfetros.com\/fa\/?p=35101#breadcrumb","itemListElement":[{"@type":"ListItem","position":1,"name":"\u062e\u0627\u0646\u0647","item":"https:\/\/mirfetros.com\/fa\/"},{"@type":"ListItem","position":2,"name":"Exposition d\u2019\u0153uvres iraniennes"}]},{"@type":"WebSite","@id":"https:\/\/mirfetros.com\/fa\/#website","url":"https:\/\/mirfetros.com\/fa\/","name":"\u062a\u0627\u0631\u0646\u0645\u0627\u06cc \u0639\u0644\u064a \u0645\u064a\u0631\u0641\u0637\u0631\u0648\u0633","description":"\u062a\u0627\u0631\u0646\u0645\u0627\u06cc \u0639\u0644\u064a \u0645\u064a\u0631\u0641\u0637\u0631\u0648\u0633","potentialAction":[{"@type":"SearchAction","target":{"@type":"EntryPoint","urlTemplate":"https:\/\/mirfetros.com\/fa\/?s={search_term_string}"},"query-input":"required name=search_term_string"}],"inLanguage":"fa-IR"},{"@type":"Person","@id":"https:\/\/mirfetros.com\/fa\/#\/schema\/person\/4a64513efb180ecb70ae854878817e41","name":"\u0639\u0644\u06cc \u0645\u06cc\u0631\u0641\u0637\u0631\u0648\u0633","image":{"@type":"ImageObject","inLanguage":"fa-IR","@id":"https:\/\/mirfetros.com\/fa\/#\/schema\/person\/image\/","url":"https:\/\/secure.gravatar.com\/avatar\/e744d4272089a6dd7d3b6df6d3aa5197?s=96&d=mm&r=g","contentUrl":"https:\/\/secure.gravatar.com\/avatar\/e744d4272089a6dd7d3b6df6d3aa5197?s=96&d=mm&r=g","caption":"\u0639\u0644\u06cc \u0645\u06cc\u0631\u0641\u0637\u0631\u0648\u0633"},"url":"https:\/\/mirfetros.com\/fa\/?author=2"}]}},"_links":{"self":[{"href":"https:\/\/mirfetros.com\/fa\/index.php?rest_route=\/wp\/v2\/posts\/35101"}],"collection":[{"href":"https:\/\/mirfetros.com\/fa\/index.php?rest_route=\/wp\/v2\/posts"}],"about":[{"href":"https:\/\/mirfetros.com\/fa\/index.php?rest_route=\/wp\/v2\/types\/post"}],"author":[{"embeddable":true,"href":"https:\/\/mirfetros.com\/fa\/index.php?rest_route=\/wp\/v2\/users\/2"}],"replies":[{"embeddable":true,"href":"https:\/\/mirfetros.com\/fa\/index.php?rest_route=%2Fwp%2Fv2%2Fcomments&post=35101"}],"version-history":[{"count":0,"href":"https:\/\/mirfetros.com\/fa\/index.php?rest_route=\/wp\/v2\/posts\/35101\/revisions"}],"wp:attachment":[{"href":"https:\/\/mirfetros.com\/fa\/index.php?rest_route=%2Fwp%2Fv2%2Fmedia&parent=35101"}],"wp:term":[{"taxonomy":"category","embeddable":true,"href":"https:\/\/mirfetros.com\/fa\/index.php?rest_route=%2Fwp%2Fv2%2Fcategories&post=35101"},{"taxonomy":"post_tag","embeddable":true,"href":"https:\/\/mirfetros.com\/fa\/index.php?rest_route=%2Fwp%2Fv2%2Ftags&post=35101"}],"curies":[{"name":"wp","href":"https:\/\/api.w.org\/{rel}","templated":true}]}}